{"id":2873,"date":"2017-12-10T19:56:46","date_gmt":"2017-12-10T18:56:46","guid":{"rendered":"http:\/\/www.laurentpernot.net\/fr\/?p=2873"},"modified":"2017-12-10T21:40:32","modified_gmt":"2017-12-10T20:40:32","slug":"2008-lecielestdevenunoir","status":"publish","type":"post","link":"https:\/\/laurentpernot.net\/fr\/2008-lecielestdevenunoir\/","title":{"rendered":"2008 \/ Galerie Odile Ouizeman, Paris"},"content":{"rendered":"<div tabindex=\"0\" class=\"cycloneslider cycloneslider-template-standard cycloneslider-width-responsive\" id=\"cycloneslider-2008-le-ciel-est-devenu-noir-galerie-ouizeman-paris-1\" style=\"max-width:960px\" > <div class=\"cycloneslider-slides cycle-slideshow\" data-cycle-allow-wrap=\"true\" data-cycle-dynamic-height=\"on\" data-cycle-auto-height=\"0\" data-cycle-auto-height-easing=\"null\" data-cycle-auto-height-speed=\"250\" data-cycle-delay=\"0\" data-cycle-easing=\"\" data-cycle-fx=\"scrollHorz\" data-cycle-hide-non-active=\"false\" data-cycle-log=\"false\" data-cycle-next=\"#cycloneslider-2008-le-ciel-est-devenu-noir-galerie-ouizeman-paris-1 .cycloneslider-next\" data-cycle-pager=\"#cycloneslider-2008-le-ciel-est-devenu-noir-galerie-ouizeman-paris-1 .cycloneslider-pager\" data-cycle-pause-on-hover=\"true\" data-cycle-prev=\"#cycloneslider-2008-le-ciel-est-devenu-noir-galerie-ouizeman-paris-1 .cycloneslider-prev\" data-cycle-slides=\"&gt; div\" data-cycle-speed=\"1000\" data-cycle-swipe=\"1\" data-cycle-tile-count=\"7\" data-cycle-tile-delay=\"100\" data-cycle-tile-vertical=\"true\" data-cycle-timeout=\"4000\" > <div class=\"cycloneslider-slide cycloneslider-slide-image\" > <img decoding=\"async\" src=\"https:\/\/laurentpernot.net\/fr\/wp-content\/uploads\/2017\/12\/2008_laurentpernot_exhibitionview_galerieouizeman_00-960x500.jpg\" alt=\"\" title=\"\" \/> <\/div> <div class=\"cycloneslider-slide cycloneslider-slide-image\" > <img decoding=\"async\" src=\"https:\/\/laurentpernot.net\/fr\/wp-content\/uploads\/2017\/12\/2008_laurentpernot_exhibitionview_galerieouizeman_12-960x500.jpg\" alt=\"\" title=\"\" \/> <\/div> <div class=\"cycloneslider-slide cycloneslider-slide-image\" > <img decoding=\"async\" src=\"https:\/\/laurentpernot.net\/fr\/wp-content\/uploads\/2017\/12\/2008_laurentpernot_exhibitionview_galerieouizeman_02-960x500.jpg\" alt=\"\" title=\"\" \/> <\/div> <div class=\"cycloneslider-slide cycloneslider-slide-image\" > <img decoding=\"async\" src=\"https:\/\/laurentpernot.net\/fr\/wp-content\/uploads\/2017\/12\/2008_laurentpernot_exhibitionview_galerieouizeman_03-960x500.jpg\" alt=\"\" title=\"\" \/> <\/div> <div class=\"cycloneslider-slide cycloneslider-slide-image\" > <img decoding=\"async\" src=\"https:\/\/laurentpernot.net\/fr\/wp-content\/uploads\/2017\/12\/2008_laurentpernot_exhibitionview_galerieouizeman_06-960x500.jpg\" alt=\"\" title=\"\" \/> <\/div> <div class=\"cycloneslider-slide cycloneslider-slide-image\" > <img decoding=\"async\" src=\"https:\/\/laurentpernot.net\/fr\/wp-content\/uploads\/2017\/12\/2008_laurentpernot_exhibitionview_galerieouizeman_11-960x500.jpg\" alt=\"\" title=\"\" \/> <\/div> <div class=\"cycloneslider-slide cycloneslider-slide-image\" > <img decoding=\"async\" src=\"https:\/\/laurentpernot.net\/fr\/wp-content\/uploads\/2017\/12\/2008_laurentpernot_exhibitionview_galerieouizeman_05-960x500.jpg\" alt=\"\" title=\"\" \/> <\/div> <div class=\"cycloneslider-slide cycloneslider-slide-image\" > <img decoding=\"async\" src=\"https:\/\/laurentpernot.net\/fr\/wp-content\/uploads\/2017\/12\/2008_laurentpernot_exhibitionview_galerieouizeman_01-960x500.jpg\" alt=\"\" title=\"\" \/> <\/div> <div class=\"cycloneslider-slide cycloneslider-slide-image\" > <img decoding=\"async\" src=\"https:\/\/laurentpernot.net\/fr\/wp-content\/uploads\/2017\/12\/2008_laurentpernot_exhibitionview_galerieouizeman_04-960x500.jpg\" alt=\"\" title=\"\" \/> <\/div> <div class=\"cycloneslider-slide cycloneslider-slide-image\" > <img decoding=\"async\" src=\"https:\/\/laurentpernot.net\/fr\/wp-content\/uploads\/2017\/12\/2008_laurentpernot_exhibitionview_galerieouizeman_07-960x500.jpg\" alt=\"\" title=\"\" \/> <\/div> <div class=\"cycloneslider-slide cycloneslider-slide-image\" > <img decoding=\"async\" src=\"https:\/\/laurentpernot.net\/fr\/wp-content\/uploads\/2017\/12\/2008_laurentpernot_exhibitionview_galerieouizeman_14-960x500.jpg\" alt=\"\" title=\"\" \/> <\/div> <\/div> <a href=\"#\" class=\"cycloneslider-prev\"> <span class=\"arrow\"><\/span> <\/a> <a href=\"#\" class=\"cycloneslider-next\"> <span class=\"arrow\"><\/span> <\/a> <\/div>\n<p>&#8220;Le ciel est devenu noir&#8221;, exposition personnelle, du 12 d\u00e9cembre 2008 au 6 mars 2009<\/p>\n<p>Le ciel est devenu noir est la premi\u00e8re exposition personnelle de Laurent Pernot \u00e0 la Galerie Odile Ouizeman.<\/p>\n<p>Comme un ensemble de visions, les \u0153uvres qu\u2019il propose ont toute en commun une certaine concomitance avec la nuit, o\u00f9 l\u2019obscurit\u00e9 constitue moins un objet que le foyer d\u2019exp\u00e9riences sensibles.<\/p>\n<p>De Caravage \u00e0 Edward Hopper, de Baudelaire \u00e0 Saint-Exup\u00e9ry ou encore de Jules Verne \u00e0 Stanley Kubrick, la nuit a suscit\u00e9 de sombres ou lumineuses pens\u00e9es. Elle a toujours \u00e9t\u00e9 propice \u00e0 la r\u00eaverie ou \u00e0 l\u2019oubli, \u00e0 la contemplation ou au spirituel, \u00e0 l\u2019ivresse ou \u00e0 la peur, au merveilleux ou \u00e0 la m\u00e9lancolie\u2026 Loin de rendre compte de la totalit\u00e9 de nos exp\u00e9riences, la lumi\u00e8re de la raison admet un mode de connaissance qui vaut par la clart\u00e9 et la distinction, l\u00e0 o\u00f9 la nuit, au contraire, d\u00e9fie la mimesis, favorise les apparitions et valorise les marges de la perception .<\/p>\n<p>Chez Laurent Pernot, la nuit est une force onirique capable de faire surgir un monde o\u00f9 l\u2019espace et le temps se confondent, et l\u2019ensemble des pi\u00e8ces pr\u00e9sent\u00e9es \u00e0 l\u2019occasion de cette exposition rendent perceptibles sa d\u00e9marche. Une robe semble se mettre \u00e0 vivre, un signe lumineux para\u00eet derri\u00e8re une toile d\u2019araign\u00e9e, des visages d\u2019enfants sont \u00e9blouis par une lueur \u00e9trang\u00e8re, un feu d\u2019artifice s\u2019\u00e9l\u00e8ve, une ville est soudainement sans \u00e9lectricit\u00e9 et plong\u00e9e dans le noir, des personnages sont saisis dans leur errance, la lumi\u00e8re coule des yeux d\u2019un \u00eatre imaginaire&#8230;<\/p>\n<p>En travaillant \u00e0 partir d\u2019images existantes, mises en sc\u00e8ne ou enti\u00e8rement num\u00e9riques, ses \u0153uvres et dispositifs d\u2019installations interrogent notre rapport au r\u00e9el et \u00e0 l\u2019invisible, et convoquent la m\u00e9moire et l\u2019imaginaire du spectateur. Comme le titre l\u2019indique, nous songeons ainsi aux figures de la nuit de Maurice Blanchot, o\u00f9 l\u2019obscurit\u00e9 est \u00e0 la fois nihilisme et esp\u00e9rance.<\/p>\n","protected":false},"excerpt":{"rendered":"<p>&#8220;Le ciel est devenu noir&#8221;, exposition personnelle, du 12 d\u00e9cembre 2008 au 6 mars 2009 Le ciel est devenu noir est la premi\u00e8re exposition personnelle de Laurent Pernot \u00e0 la Galerie Odile Ouizeman. Comme un ensemble de visions, les \u0153uvres qu\u2019il propose ont toute en commun une certaine concomitance avec la nuit, o\u00f9 l\u2019obscurit\u00e9 constitue [&hellip;]<\/p>\n","protected":false},"author":1,"featured_media":2874,"comment_status":"closed","ping_status":"closed","sticky":false,"template":"","format":"standard","meta":{"footnotes":""},"categories":[175],"tags":[],"class_list":["post-2873","post","type-post","status-publish","format-standard","has-post-thumbnail","hentry","category-blog"],"_links":{"self":[{"href":"https:\/\/laurentpernot.net\/fr\/wp-json\/wp\/v2\/posts\/2873","targetHints":{"allow":["GET"]}}],"collection":[{"href":"https:\/\/laurentpernot.net\/fr\/wp-json\/wp\/v2\/posts"}],"about":[{"href":"https:\/\/laurentpernot.net\/fr\/wp-json\/wp\/v2\/types\/post"}],"author":[{"embeddable":true,"href":"https:\/\/laurentpernot.net\/fr\/wp-json\/wp\/v2\/users\/1"}],"replies":[{"embeddable":true,"href":"https:\/\/laurentpernot.net\/fr\/wp-json\/wp\/v2\/comments?post=2873"}],"version-history":[{"count":2,"href":"https:\/\/laurentpernot.net\/fr\/wp-json\/wp\/v2\/posts\/2873\/revisions"}],"predecessor-version":[{"id":2889,"href":"https:\/\/laurentpernot.net\/fr\/wp-json\/wp\/v2\/posts\/2873\/revisions\/2889"}],"wp:featuredmedia":[{"embeddable":true,"href":"https:\/\/laurentpernot.net\/fr\/wp-json\/wp\/v2\/media\/2874"}],"wp:attachment":[{"href":"https:\/\/laurentpernot.net\/fr\/wp-json\/wp\/v2\/media?parent=2873"}],"wp:term":[{"taxonomy":"category","embeddable":true,"href":"https:\/\/laurentpernot.net\/fr\/wp-json\/wp\/v2\/categories?post=2873"},{"taxonomy":"post_tag","embeddable":true,"href":"https:\/\/laurentpernot.net\/fr\/wp-json\/wp\/v2\/tags?post=2873"}],"curies":[{"name":"wp","href":"https:\/\/api.w.org\/{rel}","templated":true}]}}