{"id":2972,"date":"2017-12-11T22:50:35","date_gmt":"2017-12-11T21:50:35","guid":{"rendered":"http:\/\/www.laurentpernot.net\/fr\/?p=2972"},"modified":"2017-12-11T22:50:35","modified_gmt":"2017-12-11T21:50:35","slug":"2012-palais-jacques-coeur","status":"publish","type":"post","link":"https:\/\/laurentpernot.net\/fr\/2012-palais-jacques-coeur\/","title":{"rendered":"2012 \/ Palais Jacques Coeur, Bourges"},"content":{"rendered":"<div tabindex=\"0\" class=\"cycloneslider cycloneslider-template-standard cycloneslider-width-responsive\" id=\"cycloneslider-2012-palais-jacques-coeur-1\" style=\"max-width:960px\" > <div class=\"cycloneslider-slides cycle-slideshow\" data-cycle-allow-wrap=\"true\" data-cycle-dynamic-height=\"on\" data-cycle-auto-height=\"0\" data-cycle-auto-height-easing=\"null\" data-cycle-auto-height-speed=\"250\" data-cycle-delay=\"0\" data-cycle-easing=\"\" data-cycle-fx=\"scrollHorz\" data-cycle-hide-non-active=\"false\" data-cycle-log=\"false\" data-cycle-next=\"#cycloneslider-2012-palais-jacques-coeur-1 .cycloneslider-next\" data-cycle-pager=\"#cycloneslider-2012-palais-jacques-coeur-1 .cycloneslider-pager\" data-cycle-pause-on-hover=\"true\" data-cycle-prev=\"#cycloneslider-2012-palais-jacques-coeur-1 .cycloneslider-prev\" data-cycle-slides=\"&gt; div\" data-cycle-speed=\"1000\" data-cycle-swipe=\"1\" data-cycle-tile-count=\"7\" data-cycle-tile-delay=\"100\" data-cycle-tile-vertical=\"true\" data-cycle-timeout=\"4000\" > <div class=\"cycloneslider-slide cycloneslider-slide-image\" > <img decoding=\"async\" src=\"https:\/\/laurentpernot.net\/fr\/wp-content\/uploads\/2017\/12\/2012_laurentpernot_exhibitionview_palais-jacques-coeur_05-960x500.jpg\" alt=\"\" title=\"\" \/> <\/div> <div class=\"cycloneslider-slide cycloneslider-slide-image\" > <img decoding=\"async\" src=\"https:\/\/laurentpernot.net\/fr\/wp-content\/uploads\/2017\/12\/2012_laurentpernot_exhibitionview_palais-jacques-coeur_07-960x500.jpg\" alt=\"\" title=\"\" \/> <\/div> <div class=\"cycloneslider-slide cycloneslider-slide-image\" > <img decoding=\"async\" src=\"https:\/\/laurentpernot.net\/fr\/wp-content\/uploads\/2017\/12\/2012_laurentpernot_exhibitionview_palais-jacques-coeur_10-960x500.jpg\" alt=\"\" title=\"\" \/> <\/div> <div class=\"cycloneslider-slide cycloneslider-slide-image\" > <img decoding=\"async\" src=\"https:\/\/laurentpernot.net\/fr\/wp-content\/uploads\/2017\/12\/2012_laurentpernot_exhibitionview_palais-jacques-coeur_11-960x500.jpg\" alt=\"\" title=\"\" \/> <\/div> <div class=\"cycloneslider-slide cycloneslider-slide-image\" > <img decoding=\"async\" src=\"https:\/\/laurentpernot.net\/fr\/wp-content\/uploads\/2017\/12\/2012_laurentpernot_exhibitionview_palais-jacques-coeur_08-960x500.jpg\" alt=\"\" title=\"\" \/> <\/div> <div class=\"cycloneslider-slide cycloneslider-slide-image\" > <img decoding=\"async\" src=\"https:\/\/laurentpernot.net\/fr\/wp-content\/uploads\/2017\/12\/2012_laurentpernot_exhibitionview_palais-jacques-coeur_02-960x500.jpg\" alt=\"\" title=\"\" \/> <\/div> <div class=\"cycloneslider-slide cycloneslider-slide-image\" > <img decoding=\"async\" src=\"https:\/\/laurentpernot.net\/fr\/wp-content\/uploads\/2017\/12\/2012_laurentpernot_exhibitionview_palais-jacques-coeur_01-960x500.jpg\" alt=\"\" title=\"\" \/> <\/div> <div class=\"cycloneslider-slide cycloneslider-slide-image\" > <img decoding=\"async\" src=\"https:\/\/laurentpernot.net\/fr\/wp-content\/uploads\/2017\/12\/2012_laurentpernot_exhibitionview_palais-jacques-coeur_03-960x500.jpg\" alt=\"\" title=\"\" \/> <\/div> <div class=\"cycloneslider-slide cycloneslider-slide-image\" > <img decoding=\"async\" src=\"https:\/\/laurentpernot.net\/fr\/wp-content\/uploads\/2017\/12\/2012_laurentpernot_exhibitionview_palais-jacques-coeur_04-960x500.jpg\" alt=\"\" title=\"\" \/> <\/div> <div class=\"cycloneslider-slide cycloneslider-slide-image\" > <img decoding=\"async\" src=\"https:\/\/laurentpernot.net\/fr\/wp-content\/uploads\/2017\/12\/2012_laurentpernot_exhibitionview_palais-jacques-coeur_13-960x500.jpg\" alt=\"\" title=\"\" \/> <\/div> <div class=\"cycloneslider-slide cycloneslider-slide-image\" > <img decoding=\"async\" src=\"https:\/\/laurentpernot.net\/fr\/wp-content\/uploads\/2017\/12\/2012_laurentpernot_exhibitionview_palais-jacques-coeur_06-960x500.jpg\" alt=\"\" title=\"\" \/> <\/div> <div class=\"cycloneslider-slide cycloneslider-slide-image\" > <img decoding=\"async\" src=\"https:\/\/laurentpernot.net\/fr\/wp-content\/uploads\/2017\/12\/2012_laurentpernot_exhibitionview_palais-jacques-coeur_12-960x500.jpg\" alt=\"\" title=\"\" \/> <\/div> <div class=\"cycloneslider-slide cycloneslider-slide-image\" > <img decoding=\"async\" src=\"https:\/\/laurentpernot.net\/fr\/wp-content\/uploads\/2017\/12\/2012_laurentpernot_exhibitionview_palais-jacques-coeur_09-960x500.jpg\" alt=\"\" title=\"\" \/> <\/div> <\/div> <a href=\"#\" class=\"cycloneslider-prev\"> <span class=\"arrow\"><\/span> <\/a> <a href=\"#\" class=\"cycloneslider-next\"> <span class=\"arrow\"><\/span> <\/a> <\/div>\n<p>&#8220;Phenomena&#8221;, exposition personnelle du 15 novembre au 16 d\u00e9cembre 2012<\/p>\n<p>Commissaire d&#8217;exposition : Dominique Abensour<\/p>\n<p>Dans le cadre de la 6 \u00e8me Biennale d\u2019art contemporain de Bourges<\/p>\n<p>Laurent Pernot envisage ses \u0153uvres comme \u00ab des satellites en orbite autour d\u2019un monde \u00bb. H\u00e9t\u00e9rog\u00e8ne, habit\u00e9 par d\u2019innombrables constellations de questions, ses limites restent ind\u00e9termin\u00e9es. Aux zones claires et tranch\u00e9es du savoir et de l\u2019exp\u00e9rience, l\u2019artiste pr\u00e9f\u00e8re celles du doute et de l\u2019incertitude, aux fronti\u00e8res du r\u00e9el et de l\u2019imaginaire.<br \/>\nDe la conception d\u2019installations \u00e0 la production d\u2019images fixes ou en mouvement, ses projets prennent des formes multiples \u00e0 travers lesquelles il explore les domaines de l\u2019aventure humaine : la vie et la mort, les replis de la m\u00e9moire, les dimensions du temps, le visible et l\u2019invisible. Enigmatiques et parfois spectaculaires, ses \u0153uvres se nourrissent autant des recherches actuelles en anthropologie, en astrophysique ou en \u00e9cologie que de r\u00e9f\u00e9rences au cin\u00e9ma, \u00e0 la peinture et \u00e0 la litt\u00e9rature.<br \/>\nA travers des dispositifs m\u00e9taphoriques et oniriques au fort pouvoir \u00e9motionnel, l\u2019artiste met en lumi\u00e8re, en images et en sons quelques-uns des myst\u00e8res de notre monde et r\u00e9v\u00e8le certaines ambigu\u00eft\u00e9s de notre existence et de notre conscience.<\/p>\n<p>Dans la d\u00e9marche qu\u2019il d\u00e9veloppe depuis 2004, les espaces d\u2019exposition et la relation au spectateur sont des donn\u00e9es d\u00e9terminantes. Lieu de m\u00e9moire et d\u2019histoire, d\u00e9cor de nombreux films tourn\u00e9s dans ses salles, le palais Jacques C\u0153ur est particuli\u00e8rement propice \u00e0 un d\u00e9ploiement de ses \u0153uvres. Laurent Pernot en exploite le potentiel fictionnel en mettant en sc\u00e8ne plusieurs installations. Certaines sont anciennes, d\u2019autres sont in\u00e9dites et produites par le palais Jacques C\u0153ur \u00e0 l\u2019occasion de la Biennale.<br \/>\nRassembl\u00e9es sous le titre de Phenomena, elles \u00e9voquent le monde terrestre et le monde c\u00e9leste, les cycles temporels de la lune et du soleil, le passage du jour \u00e0 la nuit, de l\u2019obscurit\u00e9 \u00e0 la lumi\u00e8re et au-del\u00e0 un univers plus grand, sans bord et sans fin. La Fen\u00eatre (2010) et For Ever (2004), quant \u00e0 elles, appartiennent \u00e0 la sph\u00e8re de l\u2019intime, elles parlent de l\u2019existence de l\u2019individu, de sa disparition et de sa survivance dans la croyance ou le souvenir des vivants. Habit\u00e9es par le songe, la m\u00e9moire ou l\u2019imaginaire des sciences, Phenomena invite \u00e0 la m\u00e9ditation.<\/p>\n","protected":false},"excerpt":{"rendered":"<p>&#8220;Phenomena&#8221;, exposition personnelle du 15 novembre au 16 d\u00e9cembre 2012 Commissaire d&#8217;exposition : Dominique Abensour Dans le cadre de la 6 \u00e8me Biennale d\u2019art contemporain de Bourges Laurent Pernot envisage ses \u0153uvres comme \u00ab des satellites en orbite autour d\u2019un monde \u00bb. H\u00e9t\u00e9rog\u00e8ne, habit\u00e9 par d\u2019innombrables constellations de questions, ses limites restent ind\u00e9termin\u00e9es. Aux zones [&hellip;]<\/p>\n","protected":false},"author":1,"featured_media":2963,"comment_status":"closed","ping_status":"closed","sticky":false,"template":"","format":"standard","meta":{"footnotes":""},"categories":[175],"tags":[],"class_list":["post-2972","post","type-post","status-publish","format-standard","has-post-thumbnail","hentry","category-blog"],"_links":{"self":[{"href":"https:\/\/laurentpernot.net\/fr\/wp-json\/wp\/v2\/posts\/2972","targetHints":{"allow":["GET"]}}],"collection":[{"href":"https:\/\/laurentpernot.net\/fr\/wp-json\/wp\/v2\/posts"}],"about":[{"href":"https:\/\/laurentpernot.net\/fr\/wp-json\/wp\/v2\/types\/post"}],"author":[{"embeddable":true,"href":"https:\/\/laurentpernot.net\/fr\/wp-json\/wp\/v2\/users\/1"}],"replies":[{"embeddable":true,"href":"https:\/\/laurentpernot.net\/fr\/wp-json\/wp\/v2\/comments?post=2972"}],"version-history":[{"count":1,"href":"https:\/\/laurentpernot.net\/fr\/wp-json\/wp\/v2\/posts\/2972\/revisions"}],"predecessor-version":[{"id":2973,"href":"https:\/\/laurentpernot.net\/fr\/wp-json\/wp\/v2\/posts\/2972\/revisions\/2973"}],"wp:featuredmedia":[{"embeddable":true,"href":"https:\/\/laurentpernot.net\/fr\/wp-json\/wp\/v2\/media\/2963"}],"wp:attachment":[{"href":"https:\/\/laurentpernot.net\/fr\/wp-json\/wp\/v2\/media?parent=2972"}],"wp:term":[{"taxonomy":"category","embeddable":true,"href":"https:\/\/laurentpernot.net\/fr\/wp-json\/wp\/v2\/categories?post=2972"},{"taxonomy":"post_tag","embeddable":true,"href":"https:\/\/laurentpernot.net\/fr\/wp-json\/wp\/v2\/tags?post=2972"}],"curies":[{"name":"wp","href":"https:\/\/api.w.org\/{rel}","templated":true}]}}