{"id":4409,"date":"2019-05-23T10:20:58","date_gmt":"2019-05-23T09:20:58","guid":{"rendered":"http:\/\/www.laurentpernot.net\/fr\/?p=4409"},"modified":"2019-05-23T10:21:42","modified_gmt":"2019-05-23T09:21:42","slug":"2019-musee-national-eugene-delacroix-paris","status":"publish","type":"post","link":"https:\/\/laurentpernot.net\/fr\/2019-musee-national-eugene-delacroix-paris\/","title":{"rendered":"2019 \/ Mus\u00e9e national Eug\u00e8ne Delacroix, Paris"},"content":{"rendered":"<div tabindex=\"0\" class=\"cycloneslider cycloneslider-template-standard cycloneslider-width-responsive\" id=\"cycloneslider-2019-musee-delacroix-1\" style=\"max-width:800px\" > <div class=\"cycloneslider-slides cycle-slideshow\" data-cycle-allow-wrap=\"true\" data-cycle-dynamic-height=\"on\" data-cycle-auto-height=\"0\" data-cycle-auto-height-easing=\"null\" data-cycle-auto-height-speed=\"250\" data-cycle-delay=\"0\" data-cycle-easing=\"\" data-cycle-fx=\"scrollHorz\" data-cycle-hide-non-active=\"false\" data-cycle-log=\"false\" data-cycle-next=\"#cycloneslider-2019-musee-delacroix-1 .cycloneslider-next\" data-cycle-pager=\"#cycloneslider-2019-musee-delacroix-1 .cycloneslider-pager\" data-cycle-pause-on-hover=\"true\" data-cycle-prev=\"#cycloneslider-2019-musee-delacroix-1 .cycloneslider-prev\" data-cycle-slides=\"&gt; div\" data-cycle-speed=\"1000\" data-cycle-swipe=\"1\" data-cycle-tile-count=\"7\" data-cycle-tile-delay=\"100\" data-cycle-tile-vertical=\"true\" data-cycle-timeout=\"4000\" > <div class=\"cycloneslider-slide cycloneslider-slide-image\" > <img decoding=\"async\" src=\"https:\/\/laurentpernot.net\/fr\/wp-content\/uploads\/2019\/05\/lpernot_vue-expo_delacroix_memoria_03-800x560.jpg\" alt=\"\" title=\"\" \/> <\/div> <div class=\"cycloneslider-slide cycloneslider-slide-image\" > <img decoding=\"async\" src=\"https:\/\/laurentpernot.net\/fr\/wp-content\/uploads\/2019\/05\/lpernot_vue-expo_delacroix_memoria-800x560.jpg\" alt=\"\" title=\"\" \/> <\/div> <div class=\"cycloneslider-slide cycloneslider-slide-image\" > <img decoding=\"async\" src=\"https:\/\/laurentpernot.net\/fr\/wp-content\/uploads\/2019\/05\/lpernot_vue-expo_delacroix_memoria_04-800x560.jpg\" alt=\"\" title=\"\" \/> <\/div> <div class=\"cycloneslider-slide cycloneslider-slide-image\" > <img decoding=\"async\" src=\"https:\/\/laurentpernot.net\/fr\/wp-content\/uploads\/2019\/05\/lpernot_vue-expo_delacroix_memoria_07-800x560.jpg\" alt=\"\" title=\"\" \/> <\/div> <div class=\"cycloneslider-slide cycloneslider-slide-image\" > <img decoding=\"async\" src=\"https:\/\/laurentpernot.net\/fr\/wp-content\/uploads\/2019\/05\/lpernot_vue-expo_delacroix_memoria_13-800x560.jpg\" alt=\"\" title=\"\" \/> <\/div> <div class=\"cycloneslider-slide cycloneslider-slide-image\" > <img decoding=\"async\" src=\"https:\/\/laurentpernot.net\/fr\/wp-content\/uploads\/2019\/05\/lpernot_vue-expo_delacroix_memoria_14-800x560.jpg\" alt=\"\" title=\"\" \/> <\/div> <div class=\"cycloneslider-slide cycloneslider-slide-image\" > <img decoding=\"async\" src=\"https:\/\/laurentpernot.net\/fr\/wp-content\/uploads\/2019\/05\/lpernot_vue-expo_delacroix_memoria_12-800x560.jpg\" alt=\"\" title=\"\" \/> <\/div> <div class=\"cycloneslider-slide cycloneslider-slide-image\" > <img decoding=\"async\" src=\"https:\/\/laurentpernot.net\/fr\/wp-content\/uploads\/2019\/05\/lpernot_vue-expo_delacroix_bouquet_01-800x560.jpg\" alt=\"\" title=\"\" \/> <\/div> <div class=\"cycloneslider-slide cycloneslider-slide-image\" > <img decoding=\"async\" src=\"https:\/\/laurentpernot.net\/fr\/wp-content\/uploads\/2019\/05\/lpernot_vue-expo_delacroix_bouquet_02-800x560.jpg\" alt=\"\" title=\"\" \/> <\/div> <div class=\"cycloneslider-slide cycloneslider-slide-image\" > <img decoding=\"async\" src=\"https:\/\/laurentpernot.net\/fr\/wp-content\/uploads\/2019\/05\/lpernot_vue-expo_delacroix_memoria_10-800x560.jpg\" alt=\"\" title=\"\" \/> <\/div> <div class=\"cycloneslider-slide cycloneslider-slide-image\" > <img decoding=\"async\" src=\"https:\/\/laurentpernot.net\/fr\/wp-content\/uploads\/2019\/05\/lpernot_vue-expo_delacroix_memoria_11-800x560.jpg\" alt=\"\" title=\"\" \/> <\/div> <\/div> <a href=\"#\" class=\"cycloneslider-prev\"> <span class=\"arrow\"><\/span> <\/a> <a href=\"#\" class=\"cycloneslider-next\"> <span class=\"arrow\"><\/span> <\/a> <\/div>\n<p><em>Dans l&#8217;atelier la cr\u00e9ation \u00e0 l&#8217;\u0153uvre<\/em> \u2014 Mus\u00e9e National Eug\u00e8ne Delacroix<br \/>\n(6 rue de F\u00fcrstenberg 75006 Paris)<\/p>\n<p>Exposition du 15 mai au 30 septembre 2019, avec Anne-Lise Broyer et J\u00e9r\u00f4me Zonder<br \/>\nCommissariat Dominique de Font-R\u00e9aulx, mus\u00e9e du Louvre, et L\u00e9a Bismuth pour l&#8217;art contemporain<br \/>\nCatalogue \u00e0 para\u00eetre.<\/p>\n<p>Communiqu\u00e9 de l&#8217;exposition :<br \/>\nInstall\u00e9 dans le dernier atelier du peintre romantique, le mus\u00e9e Delacroix fait jaillir un imaginaire particuli\u00e8rement puissant. Lieu de m\u00e9moire, il est aussi, gr\u00e2ce \u00e0 l\u2019ambition de sa transformation en mus\u00e9e par les grands artistes des ann\u00e9es 1920, un lieu de cr\u00e9ation et un lieu de vie. Consacr\u00e9e \u00e0 l\u2019atelier et aux m\u00e9tamorphoses qu\u2019il autorise, permet et provoque, l\u2019exposition Dans l\u2019atelier, la cr\u00e9ation \u00e0 l\u2019\u0153uvre d\u00e9voile le processus cr\u00e9ateur de Delacroix et met en lumi\u00e8re, l\u2019importance, en ces lieux, de la transmission artistique \u00e0 laquelle nous ont invit\u00e9 les fondateurs du mus\u00e9e.<\/p>\n<p>L\u2019exposition donne \u00e0 voir le g\u00e9nie cr\u00e9atif de Delacroix en mettant en \u00e9vidence, pour un ensemble d\u2019\u0153uvres choisies, les sources auxquelles il s\u2019est r\u00e9f\u00e9r\u00e9 et les \u00e9tudes qu\u2019il a dessin\u00e9es, peintes ou mises en forme. Delacroix conservait dans son atelier les dessins et les \u00e9tudes pr\u00e9paratoires \u00e0 toutes ses \u0153uvres, autant de notes que l\u2019artiste pouvait reprendre pour d\u2019autres compositions ou projets.<\/p>\n<p>Ponctu\u00e9e par des \u0153uvres d\u2019artistes du XIXe et du XXe si\u00e8cle, l\u2019exposition est d\u00e9di\u00e9e au processus artistique. Les filiations artistiques entre Delacroix et de nombreux autres artistes sont \u00e9voqu\u00e9es, de Th\u00e9odore G\u00e9ricault \u00e0 Jean-Baptiste Carpeaux, de Th\u00e9odore Chass\u00e9riau \u00e0 Paul Gauguin. Le projet s\u2019ouvre notamment par une pr\u00e9sentation de l\u2019atelier comme sujet de repr\u00e9sentation artistique et montre des vues d\u2019atelier de Delacroix lui-m\u00eame, de Fr\u00e9d\u00e9ric Bazille et de Pablo Picasso qui l\u2019admiraient. Chaque section s\u2019organise autour d\u2019une ou plusieurs th\u00e8mes chers \u00e0 Delacroix tels que la peinture des fauves, les mythes de M\u00e9d\u00e9e, d\u2019Orph\u00e9e, l\u2019histoire d\u2019Ovide, la repr\u00e9sentation des \u00ab t\u00eates coup\u00e9es \u00bb ou encore les enl\u00e8vements, et illustre le lien cr\u00e9atif qui unit Delacroix \u00e0 ses pairs et \u00e0 ses successeurs.<\/p>\n<p>L\u2019exposition b\u00e9n\u00e9ficie de pr\u00eats exceptionnels des mus\u00e9es fran\u00e7ais et \u00e9trangers dont le mus\u00e9e des Beaux-Arts d\u2019Orl\u00e9ans, le Palais des Beaux-Arts de Lille, la National Gallery de Londres ou encore le Kunsthalle de Hambourg.<\/p>\n<p>L\u2019invitation adress\u00e9e \u00e0 trois artistes de notre temps, Anne-Lise Broyer, Laurent Pernot et J\u00e9r\u00f4me Zonder, permet de rendre aussi sensible que possible l\u2019\u00e9laboration de cette pens\u00e9e artistique. La pr\u00e9sence de leurs cr\u00e9ations dans l\u2019atelier de Delacroix est ainsi l\u2019occasion de souligner le mouvement de conception propre au peintre. Elles rendent au mus\u00e9e-atelier sa double v\u00e9rit\u00e9, celle d\u2019un lieu historique o\u00f9 v\u00e9cut l\u2019un des plus grands artistes du XIXe si\u00e8cle, celle d\u2019un espace o\u00f9 s\u2019est jou\u00e9e, et se joue encore, l\u2019alchimie complexe de l\u2019acte cr\u00e9ateur.<\/p>\n<p>Le mus\u00e9e Eug\u00e8ne-Delacroix a d\u00e9di\u00e9, depuis 2014, son programme de recherche au th\u00e8me de l\u2019atelier. Historique et mus\u00e9al, inscrit dans l\u2019\u00e9tude du pass\u00e9 et dans l\u2019analyse du pr\u00e9sent, ce programme associe l\u2019atelier et le mus\u00e9e. Cette exposition constitue ainsi l\u2019aboutissement d\u2019une r\u00e9flexion sur l\u2019atelier comme espace de cr\u00e9ation et de m\u00e9moire, pleinement ancr\u00e9 dans l\u2019histoire.<\/p>\n","protected":false},"excerpt":{"rendered":"<p>Dans l&#8217;atelier la cr\u00e9ation \u00e0 l&#8217;\u0153uvre \u2014 Mus\u00e9e National Eug\u00e8ne Delacroix (6 rue de F\u00fcrstenberg 75006 Paris) Exposition du 15 mai au 30 septembre 2019, avec Anne-Lise Broyer et J\u00e9r\u00f4me Zonder Commissariat Dominique de Font-R\u00e9aulx, mus\u00e9e du Louvre, et L\u00e9a Bismuth pour l&#8217;art contemporain Catalogue \u00e0 para\u00eetre. Communiqu\u00e9 de l&#8217;exposition : Install\u00e9 dans le dernier [&hellip;]<\/p>\n","protected":false},"author":1,"featured_media":4405,"comment_status":"closed","ping_status":"closed","sticky":false,"template":"","format":"standard","meta":{"footnotes":""},"categories":[175],"tags":[],"class_list":["post-4409","post","type-post","status-publish","format-standard","has-post-thumbnail","hentry","category-blog"],"_links":{"self":[{"href":"https:\/\/laurentpernot.net\/fr\/wp-json\/wp\/v2\/posts\/4409","targetHints":{"allow":["GET"]}}],"collection":[{"href":"https:\/\/laurentpernot.net\/fr\/wp-json\/wp\/v2\/posts"}],"about":[{"href":"https:\/\/laurentpernot.net\/fr\/wp-json\/wp\/v2\/types\/post"}],"author":[{"embeddable":true,"href":"https:\/\/laurentpernot.net\/fr\/wp-json\/wp\/v2\/users\/1"}],"replies":[{"embeddable":true,"href":"https:\/\/laurentpernot.net\/fr\/wp-json\/wp\/v2\/comments?post=4409"}],"version-history":[{"count":2,"href":"https:\/\/laurentpernot.net\/fr\/wp-json\/wp\/v2\/posts\/4409\/revisions"}],"predecessor-version":[{"id":4411,"href":"https:\/\/laurentpernot.net\/fr\/wp-json\/wp\/v2\/posts\/4409\/revisions\/4411"}],"wp:featuredmedia":[{"embeddable":true,"href":"https:\/\/laurentpernot.net\/fr\/wp-json\/wp\/v2\/media\/4405"}],"wp:attachment":[{"href":"https:\/\/laurentpernot.net\/fr\/wp-json\/wp\/v2\/media?parent=4409"}],"wp:term":[{"taxonomy":"category","embeddable":true,"href":"https:\/\/laurentpernot.net\/fr\/wp-json\/wp\/v2\/categories?post=4409"},{"taxonomy":"post_tag","embeddable":true,"href":"https:\/\/laurentpernot.net\/fr\/wp-json\/wp\/v2\/tags?post=4409"}],"curies":[{"name":"wp","href":"https:\/\/api.w.org\/{rel}","templated":true}]}}