{"id":5459,"date":"2023-05-30T13:16:05","date_gmt":"2023-05-30T12:16:05","guid":{"rendered":"https:\/\/laurentpernot.net\/fr\/?p=5459"},"modified":"2023-05-30T13:20:04","modified_gmt":"2023-05-30T12:20:04","slug":"2023-enlace-moi","status":"publish","type":"post","link":"https:\/\/laurentpernot.net\/fr\/2023-enlace-moi\/","title":{"rendered":"2023 \/ ENLACE-MOI"},"content":{"rendered":"\n<p>Sculpture <br>Pierre reconstitu\u00e9e, mat\u00e9riaux d&#8217;assemblage inox, dimensions 75x60x25cm <\/p>\n\n\n\n<figure class=\"wp-block-gallery has-nested-images columns-2 wp-block-gallery-1 is-layout-flex wp-block-gallery-is-layout-flex\">\n<figure class=\"wp-block-image size-large\"><img loading=\"lazy\" decoding=\"async\" width=\"1024\" height=\"768\" data-id=\"5460\" src=\"https:\/\/laurentpernot.net\/fr\/wp-content\/uploads\/2023\/05\/laurentpernot_2023_enlace-moi_03web-1024x768.jpg\" alt=\"\" class=\"wp-image-5460\" srcset=\"https:\/\/laurentpernot.net\/fr\/wp-content\/uploads\/2023\/05\/laurentpernot_2023_enlace-moi_03web-1024x768.jpg 1024w, https:\/\/laurentpernot.net\/fr\/wp-content\/uploads\/2023\/05\/laurentpernot_2023_enlace-moi_03web-267x200.jpg 267w, https:\/\/laurentpernot.net\/fr\/wp-content\/uploads\/2023\/05\/laurentpernot_2023_enlace-moi_03web-768x576.jpg 768w, https:\/\/laurentpernot.net\/fr\/wp-content\/uploads\/2023\/05\/laurentpernot_2023_enlace-moi_03web.jpg 1200w\" sizes=\"auto, (max-width: 1024px) 100vw, 1024px\" \/><\/figure>\n\n\n\n<figure class=\"wp-block-image size-large\"><img loading=\"lazy\" decoding=\"async\" width=\"1000\" height=\"750\" data-id=\"5464\" src=\"https:\/\/laurentpernot.net\/fr\/wp-content\/uploads\/2023\/05\/laurentpernot_2023_enlace-moi_12web.jpg\" alt=\"\" class=\"wp-image-5464\" srcset=\"https:\/\/laurentpernot.net\/fr\/wp-content\/uploads\/2023\/05\/laurentpernot_2023_enlace-moi_12web.jpg 1000w, https:\/\/laurentpernot.net\/fr\/wp-content\/uploads\/2023\/05\/laurentpernot_2023_enlace-moi_12web-267x200.jpg 267w, https:\/\/laurentpernot.net\/fr\/wp-content\/uploads\/2023\/05\/laurentpernot_2023_enlace-moi_12web-768x576.jpg 768w\" sizes=\"auto, (max-width: 1000px) 100vw, 1000px\" \/><\/figure>\n\n\n\n<figure class=\"wp-block-image size-large\"><img loading=\"lazy\" decoding=\"async\" width=\"1024\" height=\"768\" data-id=\"5467\" src=\"https:\/\/laurentpernot.net\/fr\/wp-content\/uploads\/2023\/05\/laurentpernot_2023_enlace-moi_10web-1024x768.jpg\" alt=\"\" class=\"wp-image-5467\" srcset=\"https:\/\/laurentpernot.net\/fr\/wp-content\/uploads\/2023\/05\/laurentpernot_2023_enlace-moi_10web-1024x768.jpg 1024w, https:\/\/laurentpernot.net\/fr\/wp-content\/uploads\/2023\/05\/laurentpernot_2023_enlace-moi_10web-267x200.jpg 267w, https:\/\/laurentpernot.net\/fr\/wp-content\/uploads\/2023\/05\/laurentpernot_2023_enlace-moi_10web-768x576.jpg 768w, https:\/\/laurentpernot.net\/fr\/wp-content\/uploads\/2023\/05\/laurentpernot_2023_enlace-moi_10web.jpg 1200w\" sizes=\"auto, (max-width: 1024px) 100vw, 1024px\" \/><\/figure>\n\n\n\n<figure class=\"wp-block-image size-large\"><img loading=\"lazy\" decoding=\"async\" width=\"1000\" height=\"750\" data-id=\"5462\" src=\"https:\/\/laurentpernot.net\/fr\/wp-content\/uploads\/2023\/05\/laurentpernot_2023_enlace-moi_07web.jpg\" alt=\"\" class=\"wp-image-5462\" srcset=\"https:\/\/laurentpernot.net\/fr\/wp-content\/uploads\/2023\/05\/laurentpernot_2023_enlace-moi_07web.jpg 1000w, https:\/\/laurentpernot.net\/fr\/wp-content\/uploads\/2023\/05\/laurentpernot_2023_enlace-moi_07web-267x200.jpg 267w, https:\/\/laurentpernot.net\/fr\/wp-content\/uploads\/2023\/05\/laurentpernot_2023_enlace-moi_07web-768x576.jpg 768w\" sizes=\"auto, (max-width: 1000px) 100vw, 1000px\" \/><\/figure>\n<\/figure>\n\n\n\n<p>Production \u00e0 l&#8217;occasion de &#8220;Sculptures en l&#8217;\u00eele&#8221;, sous le commissariat de Lauranne Germond et Sara Dufour, for\u00eat de l&#8217;\u00cele Nancy, ville d&#8217;Andr\u00e9sy<\/p>\n\n\n\n<p><\/p>\n","protected":false},"excerpt":{"rendered":"<p>Sculpture Pierre reconstitu\u00e9e, mat\u00e9riaux d&#8217;assemblage inox, dimensions 75x60x25cm Production \u00e0 l&#8217;occasion de &#8220;Sculptures en l&#8217;\u00eele&#8221;, sous le commissariat de Lauranne Germond et Sara Dufour, for\u00eat de l&#8217;\u00cele Nancy, ville d&#8217;Andr\u00e9sy<\/p>\n","protected":false},"author":1,"featured_media":5465,"comment_status":"closed","ping_status":"closed","sticky":false,"template":"","format":"standard","meta":{"footnotes":""},"categories":[114,47],"tags":[],"class_list":["post-5459","post","type-post","status-publish","format-standard","has-post-thumbnail","hentry","category-commandes","category-all"],"_links":{"self":[{"href":"https:\/\/laurentpernot.net\/fr\/wp-json\/wp\/v2\/posts\/5459","targetHints":{"allow":["GET"]}}],"collection":[{"href":"https:\/\/laurentpernot.net\/fr\/wp-json\/wp\/v2\/posts"}],"about":[{"href":"https:\/\/laurentpernot.net\/fr\/wp-json\/wp\/v2\/types\/post"}],"author":[{"embeddable":true,"href":"https:\/\/laurentpernot.net\/fr\/wp-json\/wp\/v2\/users\/1"}],"replies":[{"embeddable":true,"href":"https:\/\/laurentpernot.net\/fr\/wp-json\/wp\/v2\/comments?post=5459"}],"version-history":[{"count":2,"href":"https:\/\/laurentpernot.net\/fr\/wp-json\/wp\/v2\/posts\/5459\/revisions"}],"predecessor-version":[{"id":5469,"href":"https:\/\/laurentpernot.net\/fr\/wp-json\/wp\/v2\/posts\/5459\/revisions\/5469"}],"wp:featuredmedia":[{"embeddable":true,"href":"https:\/\/laurentpernot.net\/fr\/wp-json\/wp\/v2\/media\/5465"}],"wp:attachment":[{"href":"https:\/\/laurentpernot.net\/fr\/wp-json\/wp\/v2\/media?parent=5459"}],"wp:term":[{"taxonomy":"category","embeddable":true,"href":"https:\/\/laurentpernot.net\/fr\/wp-json\/wp\/v2\/categories?post=5459"},{"taxonomy":"post_tag","embeddable":true,"href":"https:\/\/laurentpernot.net\/fr\/wp-json\/wp\/v2\/tags?post=5459"}],"curies":[{"name":"wp","href":"https:\/\/api.w.org\/{rel}","templated":true}]}}